{"id":555,"date":"2012-03-21T17:08:44","date_gmt":"2012-03-21T16:08:44","guid":{"rendered":"https:\/\/d.th-nuernberg.de\/vk\/?p=555"},"modified":"2015-03-21T17:23:42","modified_gmt":"2015-03-21T16:23:42","slug":"verbale-kommunikation-schreibt-ein-kinderbuch","status":"publish","type":"post","link":"https:\/\/d.th-nuernberg.de\/vk\/2012\/03\/verbale-kommunikation-schreibt-ein-kinderbuch\/","title":{"rendered":"Verbale Kommunikation schreibt ein Kinderbuch"},"content":{"rendered":"<p>&nbsp;<\/p>\n<p><strong>Seit Sommersemester 2012 besch\u00e4ftigt sich Verbale Kommunikation nun auch mit Kindergeschichten &#8230;<\/strong><\/p>\n<p>Den Ansto\u00df dazu gaben Gespr\u00e4che mit meiner Kollegin Prof. Alexandra Kardinar vom Modul Illustration &#8230;<\/p>\n<p><!--more--><\/p>\n<p><strong>Warum Kinder?<\/strong><\/p>\n<p>Kinder sind faszinierend, als Leser, als H\u00f6rer von Vorgelesenem, als frischgebackene Selbstleser, als Neulinge in Sachen Literatur und Geschichten, als durchaus schwierige und anspruchsvolle Zielgruppe, die sich ihren Zielgruppen-Status zudem noch mit Erwachsenen, etwa mit ihren Eltern und Gro\u00dfeltern (den eigentlichen K\u00e4ufern von Kinderliteratur) teilen muss.<\/p>\n<p>Besonders interessant wird es, wenn man sich kein allzu leichtes Thema w\u00e4hlt &#8230;<\/p>\n<p><strong>Und was w\u00e4re das in diesem Fall?<\/strong><\/p>\n<p>Mehr dazu hier <a title=\"Die Familie und das B\u00f6se\" href=\"https:\/\/d.th-nuernberg.de\/vk\/portfolio\/die-familie-und-das-boese-ein-kinderbuch-projekt\/\">&#8230;<\/a><\/p>\n<p>&nbsp;<\/p>\n","protected":false},"excerpt":{"rendered":"<p>&nbsp; Seit Sommersemester 2012 besch\u00e4ftigt sich Verbale Kommunikation nun auch mit Kindergeschichten &#8230; Den Ansto\u00df dazu gaben Gespr\u00e4che mit meiner Kollegin Prof. Alexandra Kardinar vom Modul Illustration &#8230;<\/p>\n","protected":false},"author":4,"featured_media":0,"comment_status":"closed","ping_status":"closed","sticky":false,"template":"","format":"standard","meta":{"jetpack_post_was_ever_published":false,"_jetpack_newsletter_access":"","_jetpack_dont_email_post_to_subs":false,"_jetpack_newsletter_tier_id":0,"_jetpack_memberships_contains_paywalled_content":false,"_jetpack_memberships_contains_paid_content":false,"footnotes":"","jetpack_publicize_message":"","jetpack_publicize_feature_enabled":true,"jetpack_social_post_already_shared":true,"jetpack_social_options":{"image_generator_settings":{"template":"highway","default_image_id":0,"font":"","enabled":false},"version":2}},"categories":[1],"tags":[],"class_list":["post-555","post","type-post","status-publish","format-standard","hentry","category-allgemein"],"jetpack_publicize_connections":[],"jetpack_featured_media_url":"","jetpack_sharing_enabled":true,"jetpack_shortlink":"https:\/\/wp.me\/p5BUGZ-8X","_links":{"self":[{"href":"https:\/\/d.th-nuernberg.de\/vk\/wp-json\/wp\/v2\/posts\/555","targetHints":{"allow":["GET"]}}],"collection":[{"href":"https:\/\/d.th-nuernberg.de\/vk\/wp-json\/wp\/v2\/posts"}],"about":[{"href":"https:\/\/d.th-nuernberg.de\/vk\/wp-json\/wp\/v2\/types\/post"}],"author":[{"embeddable":true,"href":"https:\/\/d.th-nuernberg.de\/vk\/wp-json\/wp\/v2\/users\/4"}],"replies":[{"embeddable":true,"href":"https:\/\/d.th-nuernberg.de\/vk\/wp-json\/wp\/v2\/comments?post=555"}],"version-history":[{"count":2,"href":"https:\/\/d.th-nuernberg.de\/vk\/wp-json\/wp\/v2\/posts\/555\/revisions"}],"predecessor-version":[{"id":557,"href":"https:\/\/d.th-nuernberg.de\/vk\/wp-json\/wp\/v2\/posts\/555\/revisions\/557"}],"wp:attachment":[{"href":"https:\/\/d.th-nuernberg.de\/vk\/wp-json\/wp\/v2\/media?parent=555"}],"wp:term":[{"taxonomy":"category","embeddable":true,"href":"https:\/\/d.th-nuernberg.de\/vk\/wp-json\/wp\/v2\/categories?post=555"},{"taxonomy":"post_tag","embeddable":true,"href":"https:\/\/d.th-nuernberg.de\/vk\/wp-json\/wp\/v2\/tags?post=555"}],"curies":[{"name":"wp","href":"https:\/\/api.w.org\/{rel}","templated":true}]}}