{"id":24,"count":97,"description":"Multimediale Sprachgestaltung - Teil II: Das dritte Semester Verbale Kommunikation besch\u00e4ftigt sich mit Sprache und AUDIO, das hei\u00dft, mit Text und seiner medialen Gestaltung (hier: dem Sounddesign). So befasst es sich mit der Sprache f\u00fcr Podcast und Radio, Audioguides, Image Audio, Audio Slideshow, der Tonspur von Filmen etc. etc., aber auch und ganz allgemein mit dem Schreiben f\u00fcrs Sprechen und dem Schreiben f\u00fcrs H\u00f6ren. \/\/ Aktuell bedeutet das \u2026 Interviews und (Audio-)Features (F\u00fcr das gro\u00dfe Lehrforschungsprojekt \u201eVerbale Kommunikation in der Praxis\u201c - Siehe auch den eigenen Verbale Kommunikation-Men\u00fcpunkt SP\u00c4TERE PRAXIS, denn dort finden sich unter anderem auch all unsere bisherigen Interviewpartner, wichtige Ziele und Hintergr\u00fcnde etc.","link":"https:\/\/d.th-nuernberg.de\/vk\/project-type\/3-semester-angewandtes-design\/","name":"3. SEMESTER - ANGEWANDTES DESIGN","slug":"3-semester-angewandtes-design","taxonomy":"jetpack-portfolio-type","parent":0,"meta":[],"_links":{"self":[{"href":"https:\/\/d.th-nuernberg.de\/vk\/wp-json\/wp\/v2\/jetpack-portfolio-type\/24","targetHints":{"allow":["GET"]}}],"collection":[{"href":"https:\/\/d.th-nuernberg.de\/vk\/wp-json\/wp\/v2\/jetpack-portfolio-type"}],"about":[{"href":"https:\/\/d.th-nuernberg.de\/vk\/wp-json\/wp\/v2\/taxonomies\/jetpack-portfolio-type"}],"wp:post_type":[{"href":"https:\/\/d.th-nuernberg.de\/vk\/wp-json\/wp\/v2\/jetpack-portfolio?jetpack-portfolio-type=24"}],"curies":[{"name":"wp","href":"https:\/\/api.w.org\/{rel}","templated":true}]}}