{"id":488,"date":"2016-01-18T16:20:32","date_gmt":"2016-01-18T16:20:32","guid":{"rendered":"https:\/\/d.th-nuernberg.de\/typo\/?p=488"},"modified":"2017-02-03T18:55:29","modified_gmt":"2017-02-03T18:55:29","slug":"type2-vernissage-22-januar-1900-uhr","status":"publish","type":"post","link":"https:\/\/d.th-nuernberg.de\/typo\/2016\/01\/18\/type2-vernissage-22-januar-1900-uhr\/","title":{"rendered":"TYPE2 \/\/ Vernissage 27. Januar\/ 18:30 Uhr"},"content":{"rendered":"<p>Sie haben es wieder getan!<\/p>\n<p>Am Ende des Semesters steht wieder eine, nein, \u201edie\u201c gemeinsame Ausstellung der Studierenden des Moduls Typografie im 2. Semester und der Studierenden des Moduls Illustration. Zu sehen gibt es die Schriftportraits wieder im beeindruckenden Gro\u00dfformat \u2013 au\u00dferdem pr\u00e4sentieren die Typo-Studierenden erstmalig ihre in diesem Semester entstandene animierte Titelgrafik f\u00fcr die Website der Fakult\u00e4t (inzwischen online).<br \/>\nGro\u00dfen Dank an Tilman Zitzmann f\u00fcr&#8217;s Programmieren und Einpflegen! Wer die Er\u00f6ffnung am Freitag verpasst hat, kann noch bis Donnerstag, 2. Februar in die Ausstellungsr\u00e4ume der Fakult\u00e4t Design in der Wassertorstra\u00dfe 10 kommen. Der Besuch beider Ausstellungsteile ist auf jeden Fall lohnenswert.<\/p>\n<p>F\u00fcr alle Typo-Nerds und Humoristen hier zur Einstimmung vorab ein paar richtig schr\u00e4ge Gags zum Thema Typografie, gesammelt und pr\u00e4sentiert von Antonia Hartmannshenn:<\/p>\n<div id=\"attachment_621\" style=\"width: 840px\" class=\"wp-caption alignleft\"><img fetchpriority=\"high\" decoding=\"async\" aria-describedby=\"caption-attachment-621\" class=\"wp-image-621\" src=\"https:\/\/d.th-nuernberg.de\/typo\/wp-content\/uploads\/sites\/3\/2017\/02\/Hatmannshenn_web.jpg\" alt=\"Hatmannshenn_web\" width=\"840\" height=\"1808\" srcset=\"https:\/\/d.th-nuernberg.de\/typo\/wp-content\/uploads\/sites\/3\/2017\/02\/Hatmannshenn_web.jpg 362w, https:\/\/d.th-nuernberg.de\/typo\/wp-content\/uploads\/sites\/3\/2017\/02\/Hatmannshenn_web-139x300.jpg 139w, https:\/\/d.th-nuernberg.de\/typo\/wp-content\/uploads\/sites\/3\/2017\/02\/Hatmannshenn_web-340x732.jpg 340w, https:\/\/d.th-nuernberg.de\/typo\/wp-content\/uploads\/sites\/3\/2017\/02\/Hatmannshenn_web-84x180.jpg 84w\" sizes=\"(max-width: 840px) 100vw, 840px\" \/><p id=\"caption-attachment-621\" class=\"wp-caption-text\">Antonia Hatmannshenn<\/p><\/div>\n<p>&nbsp;<\/p>\n<p>&nbsp;<\/p>\n<div id=\"attachment_604\" style=\"width: 840px\" class=\"wp-caption alignleft\"><img decoding=\"async\" aria-describedby=\"caption-attachment-604\" class=\"wp-image-604 size-image-text-column\" src=\"https:\/\/d.th-nuernberg.de\/typo\/wp-content\/uploads\/sites\/3\/2017\/01\/web_4132-840x630.jpg\" alt=\"web_4132\" width=\"840\" height=\"630\" srcset=\"https:\/\/d.th-nuernberg.de\/typo\/wp-content\/uploads\/sites\/3\/2017\/01\/web_4132-840x630.jpg 840w, https:\/\/d.th-nuernberg.de\/typo\/wp-content\/uploads\/sites\/3\/2017\/01\/web_4132-300x225.jpg 300w, https:\/\/d.th-nuernberg.de\/typo\/wp-content\/uploads\/sites\/3\/2017\/01\/web_4132-768x576.jpg 768w, https:\/\/d.th-nuernberg.de\/typo\/wp-content\/uploads\/sites\/3\/2017\/01\/web_4132-340x255.jpg 340w, https:\/\/d.th-nuernberg.de\/typo\/wp-content\/uploads\/sites\/3\/2017\/01\/web_4132-240x180.jpg 240w, https:\/\/d.th-nuernberg.de\/typo\/wp-content\/uploads\/sites\/3\/2017\/01\/web_4132.jpg 1000w\" sizes=\"(max-width: 840px) 100vw, 840px\" \/><p id=\"caption-attachment-604\" class=\"wp-caption-text\">Kurz vor der Er\u00f6ffnung: ein letzter pr\u00fcfender Blick auf die gro\u00dfformatigen Exponate (Foto: Tilman Zitzmann)<\/p><\/div>\n<div style=\"width: 840px\" class=\"wp-caption alignleft\"><img decoding=\"async\" class=\"wp-image-603 size-image-text-column\" src=\"https:\/\/d.th-nuernberg.de\/typo\/wp-content\/uploads\/sites\/3\/2017\/01\/web_4131-840x630.jpg\" alt=\"web_4131\" width=\"840\" height=\"630\" srcset=\"https:\/\/d.th-nuernberg.de\/typo\/wp-content\/uploads\/sites\/3\/2017\/01\/web_4131-840x630.jpg 840w, https:\/\/d.th-nuernberg.de\/typo\/wp-content\/uploads\/sites\/3\/2017\/01\/web_4131-300x225.jpg 300w, https:\/\/d.th-nuernberg.de\/typo\/wp-content\/uploads\/sites\/3\/2017\/01\/web_4131-768x576.jpg 768w, https:\/\/d.th-nuernberg.de\/typo\/wp-content\/uploads\/sites\/3\/2017\/01\/web_4131-340x255.jpg 340w, https:\/\/d.th-nuernberg.de\/typo\/wp-content\/uploads\/sites\/3\/2017\/01\/web_4131-240x180.jpg 240w, https:\/\/d.th-nuernberg.de\/typo\/wp-content\/uploads\/sites\/3\/2017\/01\/web_4131.jpg 1000w\" sizes=\"(max-width: 840px) 100vw, 840px\" \/><p class=\"wp-caption-text\">\u00dcberraschendes, Witziges und Informatives zu verschiedenen Schrifttypen (Foto: Tilman Zitzmann)<\/p><\/div>\n<p>&nbsp;<\/p>\n<div style=\"width: 840px\" class=\"wp-caption alignleft\"><img loading=\"lazy\" decoding=\"async\" class=\"wp-image-605 size-image-text-column\" src=\"https:\/\/d.th-nuernberg.de\/typo\/wp-content\/uploads\/sites\/3\/2017\/01\/web_4135-840x630.jpg\" alt=\"web_4135\" width=\"840\" height=\"630\" srcset=\"https:\/\/d.th-nuernberg.de\/typo\/wp-content\/uploads\/sites\/3\/2017\/01\/web_4135-840x630.jpg 840w, https:\/\/d.th-nuernberg.de\/typo\/wp-content\/uploads\/sites\/3\/2017\/01\/web_4135-300x225.jpg 300w, https:\/\/d.th-nuernberg.de\/typo\/wp-content\/uploads\/sites\/3\/2017\/01\/web_4135-768x576.jpg 768w, https:\/\/d.th-nuernberg.de\/typo\/wp-content\/uploads\/sites\/3\/2017\/01\/web_4135-340x255.jpg 340w, https:\/\/d.th-nuernberg.de\/typo\/wp-content\/uploads\/sites\/3\/2017\/01\/web_4135-240x180.jpg 240w, https:\/\/d.th-nuernberg.de\/typo\/wp-content\/uploads\/sites\/3\/2017\/01\/web_4135.jpg 1000w\" sizes=\"(max-width: 840px) 100vw, 840px\" \/><p class=\"wp-caption-text\">Alle Veranstaltungsplakate auf einen Blick und unsere neue Titelgrafik f\u00fcr die Website erstmalig vorgestellt auf der TYPE2 (Foto: Tilman Zitzmann)<\/p><\/div>\n<p>&nbsp;<\/p>\n<div id=\"attachment_607\" style=\"width: 840px\" class=\"wp-caption alignleft\"><img loading=\"lazy\" decoding=\"async\" aria-describedby=\"caption-attachment-607\" class=\"wp-image-607 size-image-text-column\" src=\"https:\/\/d.th-nuernberg.de\/typo\/wp-content\/uploads\/sites\/3\/2017\/01\/web_4145-840x630.jpg\" alt=\"web_4145\" width=\"840\" height=\"630\" srcset=\"https:\/\/d.th-nuernberg.de\/typo\/wp-content\/uploads\/sites\/3\/2017\/01\/web_4145-840x630.jpg 840w, https:\/\/d.th-nuernberg.de\/typo\/wp-content\/uploads\/sites\/3\/2017\/01\/web_4145-300x225.jpg 300w, https:\/\/d.th-nuernberg.de\/typo\/wp-content\/uploads\/sites\/3\/2017\/01\/web_4145-768x576.jpg 768w, https:\/\/d.th-nuernberg.de\/typo\/wp-content\/uploads\/sites\/3\/2017\/01\/web_4145-340x255.jpg 340w, https:\/\/d.th-nuernberg.de\/typo\/wp-content\/uploads\/sites\/3\/2017\/01\/web_4145-240x180.jpg 240w, https:\/\/d.th-nuernberg.de\/typo\/wp-content\/uploads\/sites\/3\/2017\/01\/web_4145.jpg 1000w\" sizes=\"(max-width: 840px) 100vw, 840px\" \/><p id=\"caption-attachment-607\" class=\"wp-caption-text\">\u00bbTake me, I&#8217;m yours.\u00ab Die Schrift \u00bbFrankln Gothic\u00ab, in Collagentechnik portraitiert (Foto: Tilman Zitzmann)<\/p><\/div>\n<div id=\"attachment_614\" style=\"width: 800px\" class=\"wp-caption alignleft\"><img loading=\"lazy\" decoding=\"async\" aria-describedby=\"caption-attachment-614\" class=\"wp-image-614 size-full\" src=\"https:\/\/d.th-nuernberg.de\/typo\/wp-content\/uploads\/sites\/3\/2017\/01\/MG_2166.jpg\" alt=\"_MG_2166\" width=\"800\" height=\"533\" srcset=\"https:\/\/d.th-nuernberg.de\/typo\/wp-content\/uploads\/sites\/3\/2017\/01\/MG_2166.jpg 800w, https:\/\/d.th-nuernberg.de\/typo\/wp-content\/uploads\/sites\/3\/2017\/01\/MG_2166-300x200.jpg 300w, https:\/\/d.th-nuernberg.de\/typo\/wp-content\/uploads\/sites\/3\/2017\/01\/MG_2166-768x512.jpg 768w, https:\/\/d.th-nuernberg.de\/typo\/wp-content\/uploads\/sites\/3\/2017\/01\/MG_2166-340x227.jpg 340w, https:\/\/d.th-nuernberg.de\/typo\/wp-content\/uploads\/sites\/3\/2017\/01\/MG_2166-270x180.jpg 270w\" sizes=\"(max-width: 800px) 100vw, 800px\" \/><p id=\"caption-attachment-614\" class=\"wp-caption-text\">So viel Schrift\u2026! Alle Plakate zur Ausstellung auf einer Wand (Fotos: Tim B\u00f6hmerle\/Sina Gran)<\/p><\/div>\n<div id=\"attachment_615\" style=\"width: 800px\" class=\"wp-caption alignleft\"><img loading=\"lazy\" decoding=\"async\" aria-describedby=\"caption-attachment-615\" class=\"wp-image-615 size-full\" src=\"https:\/\/d.th-nuernberg.de\/typo\/wp-content\/uploads\/sites\/3\/2017\/01\/MG_2210.jpg\" alt=\"_MG_2210\" width=\"800\" height=\"533\" srcset=\"https:\/\/d.th-nuernberg.de\/typo\/wp-content\/uploads\/sites\/3\/2017\/01\/MG_2210.jpg 800w, https:\/\/d.th-nuernberg.de\/typo\/wp-content\/uploads\/sites\/3\/2017\/01\/MG_2210-300x200.jpg 300w, https:\/\/d.th-nuernberg.de\/typo\/wp-content\/uploads\/sites\/3\/2017\/01\/MG_2210-768x512.jpg 768w, https:\/\/d.th-nuernberg.de\/typo\/wp-content\/uploads\/sites\/3\/2017\/01\/MG_2210-340x227.jpg 340w, https:\/\/d.th-nuernberg.de\/typo\/wp-content\/uploads\/sites\/3\/2017\/01\/MG_2210-270x180.jpg 270w\" sizes=\"(max-width: 800px) 100vw, 800px\" \/><p id=\"caption-attachment-615\" class=\"wp-caption-text\">Dank an alle Studierenden, die ihre Arbeiten ausstellen \u2013 Dank an alle, die mitgeholfen haben (Fotos: Sina Gran \/ Tim B\u00f6hmerle)<\/p><\/div>\n<div id=\"attachment_616\" style=\"width: 800px\" class=\"wp-caption alignleft\"><img loading=\"lazy\" decoding=\"async\" aria-describedby=\"caption-attachment-616\" class=\"wp-image-616 size-full\" src=\"https:\/\/d.th-nuernberg.de\/typo\/wp-content\/uploads\/sites\/3\/2017\/01\/MG_2215.jpg\" alt=\"_MG_2215\" width=\"800\" height=\"533\" srcset=\"https:\/\/d.th-nuernberg.de\/typo\/wp-content\/uploads\/sites\/3\/2017\/01\/MG_2215.jpg 800w, https:\/\/d.th-nuernberg.de\/typo\/wp-content\/uploads\/sites\/3\/2017\/01\/MG_2215-300x200.jpg 300w, https:\/\/d.th-nuernberg.de\/typo\/wp-content\/uploads\/sites\/3\/2017\/01\/MG_2215-768x512.jpg 768w, https:\/\/d.th-nuernberg.de\/typo\/wp-content\/uploads\/sites\/3\/2017\/01\/MG_2215-340x227.jpg 340w, https:\/\/d.th-nuernberg.de\/typo\/wp-content\/uploads\/sites\/3\/2017\/01\/MG_2215-270x180.jpg 270w\" sizes=\"(max-width: 800px) 100vw, 800px\" \/><p id=\"caption-attachment-616\" class=\"wp-caption-text\">Prof. Sybille Schenker (Illustration) und das Dozententeam Tilman Zitzman (links) und Prof. Burkard Vetter (Typografie) zur Ausstellungser\u00f6ffnung (Fotos: Sina Gran \/ Tim B\u00f6hmerle)<\/p><\/div>\n<div id=\"attachment_613\" style=\"width: 800px\" class=\"wp-caption alignleft\"><img loading=\"lazy\" decoding=\"async\" aria-describedby=\"caption-attachment-613\" class=\"wp-image-613 size-full\" src=\"https:\/\/d.th-nuernberg.de\/typo\/wp-content\/uploads\/sites\/3\/2017\/01\/MG_2162.jpg\" alt=\"_MG_2162\" width=\"800\" height=\"533\" srcset=\"https:\/\/d.th-nuernberg.de\/typo\/wp-content\/uploads\/sites\/3\/2017\/01\/MG_2162.jpg 800w, https:\/\/d.th-nuernberg.de\/typo\/wp-content\/uploads\/sites\/3\/2017\/01\/MG_2162-300x200.jpg 300w, https:\/\/d.th-nuernberg.de\/typo\/wp-content\/uploads\/sites\/3\/2017\/01\/MG_2162-768x512.jpg 768w, https:\/\/d.th-nuernberg.de\/typo\/wp-content\/uploads\/sites\/3\/2017\/01\/MG_2162-340x227.jpg 340w, https:\/\/d.th-nuernberg.de\/typo\/wp-content\/uploads\/sites\/3\/2017\/01\/MG_2162-270x180.jpg 270w\" sizes=\"(max-width: 800px) 100vw, 800px\" \/><p id=\"caption-attachment-613\" class=\"wp-caption-text\">Ab sofort als animierte Titelgrafik auf der Website der Fakult\u00e4t Design: Typografiken \u2013 gestaltet von den Studierenden des 2. Semesters Typografie (Fotos: Sina Gran \/ Tim B\u00f6hmerle)<\/p><\/div>\n<p>&nbsp;<\/p>\n","protected":false},"excerpt":{"rendered":"<p>Sie haben es wieder getan! Am Ende des Semesters steht wieder eine, nein, \u201edie\u201c gemeinsame Ausstellung der Studierenden des Moduls Typografie im 2. Semester und der Studierenden des Moduls Illustration. Zu sehen gibt es die Schriftportraits wieder im beeindruckenden Gro\u00dfformat \u2013 au\u00dferdem pr\u00e4sentieren die Typo-Studierenden erstmalig ihre in diesem Semester entstandene animierte Titelgrafik f\u00fcr die&hellip;<\/p>\n","protected":false},"author":3,"featured_media":490,"comment_status":"closed","ping_status":"closed","sticky":false,"template":"","format":"standard","meta":{"jetpack_post_was_ever_published":false,"_jetpack_newsletter_access":"","_jetpack_dont_email_post_to_subs":true,"_jetpack_newsletter_tier_id":0,"_jetpack_memberships_contains_paywalled_content":false,"_jetpack_memberships_contains_paid_content":false,"footnotes":"","jetpack_publicize_message":"","jetpack_publicize_feature_enabled":true,"jetpack_social_post_already_shared":true,"jetpack_social_options":{"image_generator_settings":{"template":"highway","default_image_id":0,"font":"","enabled":false},"version":2}},"categories":[1],"tags":[],"class_list":["post-488","post","type-post","status-publish","format-standard","has-post-thumbnail","hentry","category-allgemein"],"jetpack_publicize_connections":[],"jetpack_featured_media_url":"https:\/\/d.th-nuernberg.de\/typo\/wp-content\/uploads\/sites\/3\/2016\/01\/Bauer_J.jpg","jetpack_sharing_enabled":true,"jetpack_shortlink":"https:\/\/wp.me\/p5BUkA-7S","_links":{"self":[{"href":"https:\/\/d.th-nuernberg.de\/typo\/wp-json\/wp\/v2\/posts\/488","targetHints":{"allow":["GET"]}}],"collection":[{"href":"https:\/\/d.th-nuernberg.de\/typo\/wp-json\/wp\/v2\/posts"}],"about":[{"href":"https:\/\/d.th-nuernberg.de\/typo\/wp-json\/wp\/v2\/types\/post"}],"author":[{"embeddable":true,"href":"https:\/\/d.th-nuernberg.de\/typo\/wp-json\/wp\/v2\/users\/3"}],"replies":[{"embeddable":true,"href":"https:\/\/d.th-nuernberg.de\/typo\/wp-json\/wp\/v2\/comments?post=488"}],"version-history":[{"count":18,"href":"https:\/\/d.th-nuernberg.de\/typo\/wp-json\/wp\/v2\/posts\/488\/revisions"}],"predecessor-version":[{"id":622,"href":"https:\/\/d.th-nuernberg.de\/typo\/wp-json\/wp\/v2\/posts\/488\/revisions\/622"}],"wp:featuredmedia":[{"embeddable":true,"href":"https:\/\/d.th-nuernberg.de\/typo\/wp-json\/wp\/v2\/media\/490"}],"wp:attachment":[{"href":"https:\/\/d.th-nuernberg.de\/typo\/wp-json\/wp\/v2\/media?parent=488"}],"wp:term":[{"taxonomy":"category","embeddable":true,"href":"https:\/\/d.th-nuernberg.de\/typo\/wp-json\/wp\/v2\/categories?post=488"},{"taxonomy":"post_tag","embeddable":true,"href":"https:\/\/d.th-nuernberg.de\/typo\/wp-json\/wp\/v2\/tags?post=488"}],"curies":[{"name":"wp","href":"https:\/\/api.w.org\/{rel}","templated":true}]}}