{"id":770,"date":"2015-04-23T19:36:17","date_gmt":"2015-04-23T19:36:17","guid":{"rendered":"https:\/\/d.th-nuernberg.de\/re\/?p=770"},"modified":"2023-01-06T10:26:00","modified_gmt":"2023-01-06T10:26:00","slug":"fakultaet-design-in-muenchen","status":"publish","type":"post","link":"https:\/\/d.th-nuernberg.de\/re\/2015\/04\/23\/fakultaet-design-in-muenchen\/","title":{"rendered":"Fakult\u00e4t Design in M\u00fcnchen"},"content":{"rendered":"<p>M\u00fcnchen ist immer eine Reise wert. <a href=\"http:\/\/www.hausderkunst.de\/ausstellungen\/detail\/louise-bourgeois-cells\/\" target=\"_blank\" rel=\"noopener\">Louise Bourgeois im Haus der Kunst <\/a>und <a href=\"http:\/\/www.muenchner-stadtmuseum.de\/sonderausstellungen\/anders-petersen-retrospektive.html\" target=\"_blank\" rel=\"noopener\">Anders Petersen im Stadtmuseum.<\/a><\/p>\n<p><!--more--><\/p>\n<p>Vielen Dank an Prof. Dr. Christoph Schaden f\u00fcr die tolle Auswahl der Ausstellungen mit F\u00fchrungen und Organisation unserer Fakult\u00e4tsfahrt. Die beiden Ausstellungsbesuche brachten viele spannende Eindr\u00fccke.<\/p>\n<p>&nbsp;<\/p>\n<p><a href=\"https:\/\/d.th-nuernberg.de\/re\/wp-content\/uploads\/sites\/6\/2015\/04\/IMG_9927.jpg\"><img fetchpriority=\"high\" decoding=\"async\" data-attachment-id=\"771\" data-permalink=\"https:\/\/d.th-nuernberg.de\/re\/2015\/04\/23\/fakultaet-design-in-muenchen\/img_9927\/\" data-orig-file=\"https:\/\/d.th-nuernberg.de\/re\/wp-content\/uploads\/sites\/6\/2015\/04\/IMG_9927.jpg\" data-orig-size=\"2592,1936\" data-comments-opened=\"0\" data-image-meta=\"{&quot;aperture&quot;:&quot;2.8&quot;,&quot;credit&quot;:&quot;&quot;,&quot;camera&quot;:&quot;iPhone 4&quot;,&quot;caption&quot;:&quot;&quot;,&quot;created_timestamp&quot;:&quot;1427887793&quot;,&quot;copyright&quot;:&quot;&quot;,&quot;focal_length&quot;:&quot;3.85&quot;,&quot;iso&quot;:&quot;1000&quot;,&quot;shutter_speed&quot;:&quot;0.066666666666667&quot;,&quot;title&quot;:&quot;&quot;,&quot;orientation&quot;:&quot;1&quot;}\" data-image-title=\"IMG_9927\" data-image-description=\"\" data-image-caption=\"\" data-medium-file=\"https:\/\/d.th-nuernberg.de\/re\/wp-content\/uploads\/sites\/6\/2015\/04\/IMG_9927-300x224.jpg\" data-large-file=\"https:\/\/d.th-nuernberg.de\/re\/wp-content\/uploads\/sites\/6\/2015\/04\/IMG_9927-1024x765.jpg\" class=\"alignnone size-large wp-image-771\" src=\"https:\/\/d.th-nuernberg.de\/re\/wp-content\/uploads\/sites\/6\/2015\/04\/IMG_9927-1024x765.jpg\" alt=\"IMG_9927\" width=\"840\" height=\"628\" srcset=\"https:\/\/d.th-nuernberg.de\/re\/wp-content\/uploads\/sites\/6\/2015\/04\/IMG_9927-1024x765.jpg 1024w, https:\/\/d.th-nuernberg.de\/re\/wp-content\/uploads\/sites\/6\/2015\/04\/IMG_9927-300x224.jpg 300w, https:\/\/d.th-nuernberg.de\/re\/wp-content\/uploads\/sites\/6\/2015\/04\/IMG_9927-340x254.jpg 340w, https:\/\/d.th-nuernberg.de\/re\/wp-content\/uploads\/sites\/6\/2015\/04\/IMG_9927-1100x822.jpg 1100w, https:\/\/d.th-nuernberg.de\/re\/wp-content\/uploads\/sites\/6\/2015\/04\/IMG_9927-840x627.jpg 840w\" sizes=\"(max-width: 840px) 100vw, 840px\" \/><\/a><\/p>\n<p><a href=\"https:\/\/d.th-nuernberg.de\/re\/wp-content\/uploads\/sites\/6\/2015\/04\/IMG_9936.jpg\"><img decoding=\"async\" data-attachment-id=\"772\" data-permalink=\"https:\/\/d.th-nuernberg.de\/re\/2015\/04\/23\/fakultaet-design-in-muenchen\/img_9936\/\" data-orig-file=\"https:\/\/d.th-nuernberg.de\/re\/wp-content\/uploads\/sites\/6\/2015\/04\/IMG_9936.jpg\" data-orig-size=\"2592,1936\" data-comments-opened=\"0\" data-image-meta=\"{&quot;aperture&quot;:&quot;2.8&quot;,&quot;credit&quot;:&quot;&quot;,&quot;camera&quot;:&quot;iPhone 4&quot;,&quot;caption&quot;:&quot;&quot;,&quot;created_timestamp&quot;:&quot;1427905867&quot;,&quot;copyright&quot;:&quot;&quot;,&quot;focal_length&quot;:&quot;3.85&quot;,&quot;iso&quot;:&quot;80&quot;,&quot;shutter_speed&quot;:&quot;0.00099502487562189&quot;,&quot;title&quot;:&quot;&quot;,&quot;orientation&quot;:&quot;1&quot;}\" data-image-title=\"IMG_9936\" data-image-description=\"\" data-image-caption=\"\" data-medium-file=\"https:\/\/d.th-nuernberg.de\/re\/wp-content\/uploads\/sites\/6\/2015\/04\/IMG_9936-300x224.jpg\" data-large-file=\"https:\/\/d.th-nuernberg.de\/re\/wp-content\/uploads\/sites\/6\/2015\/04\/IMG_9936-1024x765.jpg\" class=\"alignnone size-large wp-image-772\" src=\"https:\/\/d.th-nuernberg.de\/re\/wp-content\/uploads\/sites\/6\/2015\/04\/IMG_9936-1024x765.jpg\" alt=\"IMG_9936\" width=\"840\" height=\"628\" srcset=\"https:\/\/d.th-nuernberg.de\/re\/wp-content\/uploads\/sites\/6\/2015\/04\/IMG_9936-1024x765.jpg 1024w, https:\/\/d.th-nuernberg.de\/re\/wp-content\/uploads\/sites\/6\/2015\/04\/IMG_9936-300x224.jpg 300w, https:\/\/d.th-nuernberg.de\/re\/wp-content\/uploads\/sites\/6\/2015\/04\/IMG_9936-340x254.jpg 340w, https:\/\/d.th-nuernberg.de\/re\/wp-content\/uploads\/sites\/6\/2015\/04\/IMG_9936-1100x822.jpg 1100w, https:\/\/d.th-nuernberg.de\/re\/wp-content\/uploads\/sites\/6\/2015\/04\/IMG_9936-840x627.jpg 840w\" sizes=\"(max-width: 840px) 100vw, 840px\" \/><\/a><\/p>\n","protected":false},"excerpt":{"rendered":"<p>M\u00fcnchen ist immer eine Reise wert. Louise Bourgeois im Haus der Kunst und Anders Petersen im Stadtmuseum.<\/p>\n","protected":false},"author":5,"featured_media":771,"comment_status":"closed","ping_status":"closed","sticky":false,"template":"","format":"standard","meta":{"jetpack_post_was_ever_published":false,"_jetpack_newsletter_access":"","_jetpack_dont_email_post_to_subs":false,"_jetpack_newsletter_tier_id":0,"_jetpack_memberships_contains_paywalled_content":false,"_jetpack_memberships_contains_paid_content":false,"footnotes":"","jetpack_publicize_message":"","jetpack_publicize_feature_enabled":true,"jetpack_social_post_already_shared":true,"jetpack_social_options":{"image_generator_settings":{"template":"highway","default_image_id":0,"font":"","enabled":false},"version":2}},"categories":[1],"tags":[5],"class_list":["post-770","post","type-post","status-publish","format-standard","has-post-thumbnail","hentry","category-allgemein","tag-exkursion"],"jetpack_publicize_connections":[],"jetpack_featured_media_url":"https:\/\/d.th-nuernberg.de\/re\/wp-content\/uploads\/sites\/6\/2015\/04\/IMG_9927.jpg","jetpack_sharing_enabled":true,"jetpack_shortlink":"https:\/\/wp.me\/p5qdQ3-cq","_links":{"self":[{"href":"https:\/\/d.th-nuernberg.de\/re\/wp-json\/wp\/v2\/posts\/770","targetHints":{"allow":["GET"]}}],"collection":[{"href":"https:\/\/d.th-nuernberg.de\/re\/wp-json\/wp\/v2\/posts"}],"about":[{"href":"https:\/\/d.th-nuernberg.de\/re\/wp-json\/wp\/v2\/types\/post"}],"author":[{"embeddable":true,"href":"https:\/\/d.th-nuernberg.de\/re\/wp-json\/wp\/v2\/users\/5"}],"replies":[{"embeddable":true,"href":"https:\/\/d.th-nuernberg.de\/re\/wp-json\/wp\/v2\/comments?post=770"}],"version-history":[{"count":5,"href":"https:\/\/d.th-nuernberg.de\/re\/wp-json\/wp\/v2\/posts\/770\/revisions"}],"predecessor-version":[{"id":1551,"href":"https:\/\/d.th-nuernberg.de\/re\/wp-json\/wp\/v2\/posts\/770\/revisions\/1551"}],"wp:featuredmedia":[{"embeddable":true,"href":"https:\/\/d.th-nuernberg.de\/re\/wp-json\/wp\/v2\/media\/771"}],"wp:attachment":[{"href":"https:\/\/d.th-nuernberg.de\/re\/wp-json\/wp\/v2\/media?parent=770"}],"wp:term":[{"taxonomy":"category","embeddable":true,"href":"https:\/\/d.th-nuernberg.de\/re\/wp-json\/wp\/v2\/categories?post=770"},{"taxonomy":"post_tag","embeddable":true,"href":"https:\/\/d.th-nuernberg.de\/re\/wp-json\/wp\/v2\/tags?post=770"}],"curies":[{"name":"wp","href":"https:\/\/api.w.org\/{rel}","templated":true}]}}