{"id":1139,"date":"2016-02-08T16:15:35","date_gmt":"2016-02-08T16:15:35","guid":{"rendered":"https:\/\/d.th-nuernberg.de\/re\/?p=1139"},"modified":"2023-01-06T10:25:59","modified_gmt":"2023-01-06T10:25:59","slug":"reden-ueber-kunst-prof-christine-albert","status":"publish","type":"post","link":"https:\/\/d.th-nuernberg.de\/re\/2016\/02\/08\/reden-ueber-kunst-prof-christine-albert\/","title":{"rendered":"Reden \u00fcber Kunst | Prof. Christine Albert"},"content":{"rendered":"<div id=\"inhaltRahmen\">\n<div id=\"inhalt\">\u201eChristine Albert, Professorin f\u00fcr Design an der Technischen Hochschule N\u00fcrnberg, ist Gast beim n\u00e4chsten Kunstgespr\u00e4ch in der Kunsthalle N\u00fcrnberg, Lorenzer Stra\u00dfe 32.<\/div>\n<div>\u00a0<img decoding=\"async\" data-attachment-id=\"1143\" data-permalink=\"https:\/\/d.th-nuernberg.de\/re\/2016\/02\/08\/reden-ueber-kunst-prof-christine-albert\/nuernberg_logo\/\" data-orig-file=\"https:\/\/d.th-nuernberg.de\/re\/wp-content\/uploads\/sites\/6\/2016\/02\/nuernberg_logo.png\" data-orig-size=\"150,94\" data-comments-opened=\"0\" data-image-meta=\"{&quot;aperture&quot;:&quot;0&quot;,&quot;credit&quot;:&quot;&quot;,&quot;camera&quot;:&quot;&quot;,&quot;caption&quot;:&quot;&quot;,&quot;created_timestamp&quot;:&quot;0&quot;,&quot;copyright&quot;:&quot;&quot;,&quot;focal_length&quot;:&quot;0&quot;,&quot;iso&quot;:&quot;0&quot;,&quot;shutter_speed&quot;:&quot;0&quot;,&quot;title&quot;:&quot;&quot;,&quot;orientation&quot;:&quot;0&quot;}\" data-image-title=\"nuernberg_logo\" data-image-description=\"\" data-image-caption=\"\" data-medium-file=\"https:\/\/d.th-nuernberg.de\/re\/wp-content\/uploads\/sites\/6\/2016\/02\/nuernberg_logo.png\" data-large-file=\"https:\/\/d.th-nuernberg.de\/re\/wp-content\/uploads\/sites\/6\/2016\/02\/nuernberg_logo.png\" class=\"alignleft size-thumbnail wp-image-1143\" src=\"https:\/\/d.th-nuernberg.de\/re\/wp-content\/uploads\/sites\/6\/2016\/02\/nuernberg_logo-150x94.png\" alt=\"nuernberg_logo\" width=\"150\" height=\"94\" \/><\/div>\n<div>\n<p><!--more--><\/p>\n<\/div>\n<div>Am Mittwoch, 3. Februar 2016, um 20 Uhr trifft sie sich zum \u201eReden \u00fcber Kunst\u201c mit Willi St\u00f6hr von der Evangelischen Stadtakademie, Prof. Dr. Ralf Frisch von der Evangelischen Hochschule und Dr. Harriet Zilch, Kuratorin der Ausstellung <a href=\"http:\/\/www.kunstkulturquartier.de\/kunsthalle\/ausstellungen\/aktuell\/\" target=\"_blank\" rel=\"noopener\">\u201eHomebase. Das Interieur in der Gegenwartskunst\u201c.<\/a> Insgesamt 14 internationale K\u00fcnstlerinnen und K\u00fcnstler stellen in der aktuellen Ausstellung Fragen nach dem heutigen Stellenwert der Wohnung als R\u00fcckzugsort in die Privatsph\u00e4re, Spiegel der psychologischen Innenwelt oder Ort der Erinnerung.\u201c <a href=\"https:\/\/www.nuernberg.de\/presse\/mitteilungen\/presse_45726.html\" target=\"_blank\" rel=\"noopener\">Presse Meldung https:\/\/www.nuernberg.de\/presse\/mitteilungen\/presse_45726.html<\/a><\/div>\n<\/div>\n<p>&nbsp;<\/p>\n","protected":false},"excerpt":{"rendered":"<p>\u201eChristine Albert, Professorin f\u00fcr Design an der Technischen Hochschule N\u00fcrnberg, ist Gast beim n\u00e4chsten Kunstgespr\u00e4ch in der Kunsthalle N\u00fcrnberg, Lorenzer Stra\u00dfe 32. \u00a0<\/p>\n","protected":false},"author":5,"featured_media":1143,"comment_status":"closed","ping_status":"closed","sticky":false,"template":"","format":"standard","meta":{"jetpack_post_was_ever_published":false,"_jetpack_newsletter_access":"","_jetpack_dont_email_post_to_subs":false,"_jetpack_newsletter_tier_id":0,"_jetpack_memberships_contains_paywalled_content":false,"_jetpack_memberships_contains_paid_content":false,"footnotes":"","jetpack_publicize_message":"","jetpack_publicize_feature_enabled":true,"jetpack_social_post_already_shared":true,"jetpack_social_options":{"image_generator_settings":{"template":"highway","default_image_id":0,"font":"","enabled":false},"version":2}},"categories":[1],"tags":[],"class_list":["post-1139","post","type-post","status-publish","format-standard","has-post-thumbnail","hentry","category-allgemein"],"jetpack_publicize_connections":[],"jetpack_featured_media_url":"https:\/\/d.th-nuernberg.de\/re\/wp-content\/uploads\/sites\/6\/2016\/02\/nuernberg_logo.png","jetpack_sharing_enabled":true,"jetpack_shortlink":"https:\/\/wp.me\/p5qdQ3-in","_links":{"self":[{"href":"https:\/\/d.th-nuernberg.de\/re\/wp-json\/wp\/v2\/posts\/1139","targetHints":{"allow":["GET"]}}],"collection":[{"href":"https:\/\/d.th-nuernberg.de\/re\/wp-json\/wp\/v2\/posts"}],"about":[{"href":"https:\/\/d.th-nuernberg.de\/re\/wp-json\/wp\/v2\/types\/post"}],"author":[{"embeddable":true,"href":"https:\/\/d.th-nuernberg.de\/re\/wp-json\/wp\/v2\/users\/5"}],"replies":[{"embeddable":true,"href":"https:\/\/d.th-nuernberg.de\/re\/wp-json\/wp\/v2\/comments?post=1139"}],"version-history":[{"count":5,"href":"https:\/\/d.th-nuernberg.de\/re\/wp-json\/wp\/v2\/posts\/1139\/revisions"}],"predecessor-version":[{"id":1541,"href":"https:\/\/d.th-nuernberg.de\/re\/wp-json\/wp\/v2\/posts\/1139\/revisions\/1541"}],"wp:featuredmedia":[{"embeddable":true,"href":"https:\/\/d.th-nuernberg.de\/re\/wp-json\/wp\/v2\/media\/1143"}],"wp:attachment":[{"href":"https:\/\/d.th-nuernberg.de\/re\/wp-json\/wp\/v2\/media?parent=1139"}],"wp:term":[{"taxonomy":"category","embeddable":true,"href":"https:\/\/d.th-nuernberg.de\/re\/wp-json\/wp\/v2\/categories?post=1139"},{"taxonomy":"post_tag","embeddable":true,"href":"https:\/\/d.th-nuernberg.de\/re\/wp-json\/wp\/v2\/tags?post=1139"}],"curies":[{"name":"wp","href":"https:\/\/api.w.org\/{rel}","templated":true}]}}