{"id":1054,"date":"2016-01-15T07:55:48","date_gmt":"2016-01-15T07:55:48","guid":{"rendered":"https:\/\/d.th-nuernberg.de\/re\/?p=1054"},"modified":"2023-01-06T10:25:59","modified_gmt":"2023-01-06T10:25:59","slug":"visual-merchandising-barcelona","status":"publish","type":"post","link":"https:\/\/d.th-nuernberg.de\/re\/2016\/01\/15\/visual-merchandising-barcelona\/","title":{"rendered":"Visual Merchandising | Barcelona"},"content":{"rendered":"<p>Barcelona ist ohnehin ein Reise wert. Doch besonders zu den Themen \u201eGestaltung von L\u00e4den\u201f und aussergew\u00f6hnliche Warenpr\u00e4sentation, ist die Katalanische Hauptstadt am Puls der Zeit.\u00a0<img decoding=\"async\" data-attachment-id=\"1111\" data-permalink=\"https:\/\/d.th-nuernberg.de\/re\/2016\/01\/15\/visual-merchandising-barcelona\/vision_barcelona__2015-06-10_bdd4226impression_etc-2\/\" data-orig-file=\"https:\/\/d.th-nuernberg.de\/re\/wp-content\/uploads\/sites\/6\/2016\/01\/Vision_Barcelona__2015-06-10_BDD4226Impression_etc-1.jpg\" data-orig-size=\"1020,676\" data-comments-opened=\"0\" data-image-meta=\"{&quot;aperture&quot;:&quot;0&quot;,&quot;credit&quot;:&quot;&quot;,&quot;camera&quot;:&quot;&quot;,&quot;caption&quot;:&quot;&quot;,&quot;created_timestamp&quot;:&quot;0&quot;,&quot;copyright&quot;:&quot;&quot;,&quot;focal_length&quot;:&quot;0&quot;,&quot;iso&quot;:&quot;0&quot;,&quot;shutter_speed&quot;:&quot;0&quot;,&quot;title&quot;:&quot;&quot;,&quot;orientation&quot;:&quot;0&quot;}\" data-image-title=\"Vision_Barcelona__2015-06-10_BDD4226Impression_etc\" data-image-description=\"\" data-image-caption=\"\" data-medium-file=\"https:\/\/d.th-nuernberg.de\/re\/wp-content\/uploads\/sites\/6\/2016\/01\/Vision_Barcelona__2015-06-10_BDD4226Impression_etc-1-300x199.jpg\" data-large-file=\"https:\/\/d.th-nuernberg.de\/re\/wp-content\/uploads\/sites\/6\/2016\/01\/Vision_Barcelona__2015-06-10_BDD4226Impression_etc-1.jpg\" class=\"size-thumbnail wp-image-1111 alignleft\" src=\"https:\/\/d.th-nuernberg.de\/re\/wp-content\/uploads\/sites\/6\/2016\/01\/Vision_Barcelona__2015-06-10_BDD4226Impression_etc-1-150x150.jpg\" alt=\"Vision_Barcelona__2015-06-10_BDD4226Impression_etc\" width=\"150\" height=\"150\" srcset=\"https:\/\/d.th-nuernberg.de\/re\/wp-content\/uploads\/sites\/6\/2016\/01\/Vision_Barcelona__2015-06-10_BDD4226Impression_etc-1-150x150.jpg 150w, https:\/\/d.th-nuernberg.de\/re\/wp-content\/uploads\/sites\/6\/2016\/01\/Vision_Barcelona__2015-06-10_BDD4226Impression_etc-1-50x50.jpg 50w\" sizes=\"(max-width: 150px) 100vw, 150px\" \/><\/p>\n<p><!--more--><\/p>\n<p>Zum Konzept der Tagung rund um \u201eVisual Merchandising\u201f, geh\u00f6rte nicht nur die exquisite Auswahl der Vortragenden, sondern auch die besondere Location. Das <a href=\"http:\/\/www.w-barcelona.com\/de\" target=\"_blank\" rel=\"noopener\">W Hotel , <\/a>direkt am Strand in unmittelbarer Stadtn\u00e4he, bot einen einmaligen Rahmen f\u00fcr fachlichen Austausch der internationalen Tagungsg\u00e4ste.<\/p>\n<p>Die <a href=\"http:\/\/www.barthelmess.com\/unternehmen\/vision\/\" target=\"_blank\" rel=\"noopener\">Veranstalter Barthelmess Group<\/a> boten, neben einer Vielzahl von Momenten f\u00fcr die Sinne, eine Verabredung mit dem Spezialist f\u00fcr r\u00e4umliche Dramaturgie. Die Stadtf\u00fchrung mit dem Wiener Theaterwissenschaftler, Phsychologen und Autor <a href=\"http:\/\/www.mikunda.com\/\" target=\"_blank\" rel=\"noopener\">Dr. Christian Mikunda\u00a0<\/a>war eine erfahrungsreiche Lernexpedition, bei der sich alles um Ladenkonzepte drehte. Der mehrst\u00fcndige Rundgang durch die Altstadt Barcelonas, war ein ganz besonderes Highlight der dreit\u00e4gigen Veranstaltung.<\/p>\n<p>Die Schnittstellen zu Welt des \u201eMerchandisings\u201f sind f\u00fcr Gestalter sehr vielf\u00e4ltig. Auf der <a href=\"http:\/\/www.barthelmess.com\/unternehmen\/vision\/\" target=\"_blank\" rel=\"noopener\">\u201eVision 2015\u201c<\/a> stand das Design von nachhaltigen Erlebnissen im Mittelpunkt.<\/p>\n<p>&nbsp;<\/p>\n<p><img fetchpriority=\"high\" decoding=\"async\" data-attachment-id=\"1094\" data-permalink=\"https:\/\/d.th-nuernberg.de\/re\/2016\/01\/15\/visual-merchandising-barcelona\/2015-06-11_bdd4326hotel\/\" data-orig-file=\"https:\/\/d.th-nuernberg.de\/re\/wp-content\/uploads\/sites\/6\/2016\/01\/2015-06-11_BDD4326Hotel.jpg\" data-orig-size=\"676,1020\" data-comments-opened=\"0\" data-image-meta=\"{&quot;aperture&quot;:&quot;0&quot;,&quot;credit&quot;:&quot;&quot;,&quot;camera&quot;:&quot;&quot;,&quot;caption&quot;:&quot;&quot;,&quot;created_timestamp&quot;:&quot;0&quot;,&quot;copyright&quot;:&quot;&quot;,&quot;focal_length&quot;:&quot;0&quot;,&quot;iso&quot;:&quot;0&quot;,&quot;shutter_speed&quot;:&quot;0&quot;,&quot;title&quot;:&quot;&quot;,&quot;orientation&quot;:&quot;0&quot;}\" data-image-title=\"2015-06-11_BDD4326Hotel\" data-image-description=\"\" data-image-caption=\"\" data-medium-file=\"https:\/\/d.th-nuernberg.de\/re\/wp-content\/uploads\/sites\/6\/2016\/01\/2015-06-11_BDD4326Hotel-199x300.jpg\" data-large-file=\"https:\/\/d.th-nuernberg.de\/re\/wp-content\/uploads\/sites\/6\/2016\/01\/2015-06-11_BDD4326Hotel.jpg\" class=\"alignnone size-full wp-image-1094\" src=\"https:\/\/d.th-nuernberg.de\/re\/wp-content\/uploads\/sites\/6\/2016\/01\/2015-06-11_BDD4326Hotel.jpg\" alt=\"2015-06-11_BDD4326Hotel\" width=\"676\" height=\"1020\" srcset=\"https:\/\/d.th-nuernberg.de\/re\/wp-content\/uploads\/sites\/6\/2016\/01\/2015-06-11_BDD4326Hotel.jpg 676w, https:\/\/d.th-nuernberg.de\/re\/wp-content\/uploads\/sites\/6\/2016\/01\/2015-06-11_BDD4326Hotel-199x300.jpg 199w, https:\/\/d.th-nuernberg.de\/re\/wp-content\/uploads\/sites\/6\/2016\/01\/2015-06-11_BDD4326Hotel-340x513.jpg 340w, https:\/\/d.th-nuernberg.de\/re\/wp-content\/uploads\/sites\/6\/2016\/01\/2015-06-11_BDD4326Hotel-119x180.jpg 119w\" sizes=\"(max-width: 676px) 100vw, 676px\" \/><\/p>\n<p><img decoding=\"async\" data-attachment-id=\"1095\" data-permalink=\"https:\/\/d.th-nuernberg.de\/re\/2016\/01\/15\/visual-merchandising-barcelona\/vision_barcelona__2015-06-12_bdd4654mikunda\/\" data-orig-file=\"https:\/\/d.th-nuernberg.de\/re\/wp-content\/uploads\/sites\/6\/2016\/01\/Vision_Barcelona__2015-06-12_BDD4654Mikunda.jpg\" data-orig-size=\"1020,676\" data-comments-opened=\"0\" data-image-meta=\"{&quot;aperture&quot;:&quot;0&quot;,&quot;credit&quot;:&quot;&quot;,&quot;camera&quot;:&quot;&quot;,&quot;caption&quot;:&quot;&quot;,&quot;created_timestamp&quot;:&quot;0&quot;,&quot;copyright&quot;:&quot;&quot;,&quot;focal_length&quot;:&quot;0&quot;,&quot;iso&quot;:&quot;0&quot;,&quot;shutter_speed&quot;:&quot;0&quot;,&quot;title&quot;:&quot;&quot;,&quot;orientation&quot;:&quot;0&quot;}\" data-image-title=\"Vision_Barcelona__2015-06-12_BDD4654Mikunda\" data-image-description=\"\" data-image-caption=\"\" data-medium-file=\"https:\/\/d.th-nuernberg.de\/re\/wp-content\/uploads\/sites\/6\/2016\/01\/Vision_Barcelona__2015-06-12_BDD4654Mikunda-300x199.jpg\" data-large-file=\"https:\/\/d.th-nuernberg.de\/re\/wp-content\/uploads\/sites\/6\/2016\/01\/Vision_Barcelona__2015-06-12_BDD4654Mikunda.jpg\" class=\"alignnone size-full wp-image-1095\" src=\"https:\/\/d.th-nuernberg.de\/re\/wp-content\/uploads\/sites\/6\/2016\/01\/Vision_Barcelona__2015-06-12_BDD4654Mikunda.jpg\" alt=\"Vision_Barcelona__2015-06-12_BDD4654Mikunda\" width=\"1020\" height=\"676\" srcset=\"https:\/\/d.th-nuernberg.de\/re\/wp-content\/uploads\/sites\/6\/2016\/01\/Vision_Barcelona__2015-06-12_BDD4654Mikunda.jpg 1020w, https:\/\/d.th-nuernberg.de\/re\/wp-content\/uploads\/sites\/6\/2016\/01\/Vision_Barcelona__2015-06-12_BDD4654Mikunda-300x199.jpg 300w, https:\/\/d.th-nuernberg.de\/re\/wp-content\/uploads\/sites\/6\/2016\/01\/Vision_Barcelona__2015-06-12_BDD4654Mikunda-768x509.jpg 768w, https:\/\/d.th-nuernberg.de\/re\/wp-content\/uploads\/sites\/6\/2016\/01\/Vision_Barcelona__2015-06-12_BDD4654Mikunda-340x225.jpg 340w, https:\/\/d.th-nuernberg.de\/re\/wp-content\/uploads\/sites\/6\/2016\/01\/Vision_Barcelona__2015-06-12_BDD4654Mikunda-840x557.jpg 840w, https:\/\/d.th-nuernberg.de\/re\/wp-content\/uploads\/sites\/6\/2016\/01\/Vision_Barcelona__2015-06-12_BDD4654Mikunda-272x180.jpg 272w\" sizes=\"(max-width: 1020px) 100vw, 1020px\" \/><\/p>\n<p><img loading=\"lazy\" decoding=\"async\" data-attachment-id=\"1096\" data-permalink=\"https:\/\/d.th-nuernberg.de\/re\/2016\/01\/15\/visual-merchandising-barcelona\/vision_barcelona__2015-06-12_bdd4549audience\/\" data-orig-file=\"https:\/\/d.th-nuernberg.de\/re\/wp-content\/uploads\/sites\/6\/2016\/01\/Vision_Barcelona__2015-06-12_BDD4549Audience.jpg\" data-orig-size=\"1020,676\" data-comments-opened=\"0\" data-image-meta=\"{&quot;aperture&quot;:&quot;0&quot;,&quot;credit&quot;:&quot;&quot;,&quot;camera&quot;:&quot;&quot;,&quot;caption&quot;:&quot;&quot;,&quot;created_timestamp&quot;:&quot;0&quot;,&quot;copyright&quot;:&quot;&quot;,&quot;focal_length&quot;:&quot;0&quot;,&quot;iso&quot;:&quot;0&quot;,&quot;shutter_speed&quot;:&quot;0&quot;,&quot;title&quot;:&quot;&quot;,&quot;orientation&quot;:&quot;0&quot;}\" data-image-title=\"Vision_Barcelona__2015-06-12_BDD4549Audience\" data-image-description=\"\" data-image-caption=\"\" data-medium-file=\"https:\/\/d.th-nuernberg.de\/re\/wp-content\/uploads\/sites\/6\/2016\/01\/Vision_Barcelona__2015-06-12_BDD4549Audience-300x199.jpg\" data-large-file=\"https:\/\/d.th-nuernberg.de\/re\/wp-content\/uploads\/sites\/6\/2016\/01\/Vision_Barcelona__2015-06-12_BDD4549Audience.jpg\" class=\"alignnone size-full wp-image-1096\" src=\"https:\/\/d.th-nuernberg.de\/re\/wp-content\/uploads\/sites\/6\/2016\/01\/Vision_Barcelona__2015-06-12_BDD4549Audience.jpg\" alt=\"Vision_Barcelona__2015-06-12_BDD4549Audience\" width=\"1020\" height=\"676\" srcset=\"https:\/\/d.th-nuernberg.de\/re\/wp-content\/uploads\/sites\/6\/2016\/01\/Vision_Barcelona__2015-06-12_BDD4549Audience.jpg 1020w, https:\/\/d.th-nuernberg.de\/re\/wp-content\/uploads\/sites\/6\/2016\/01\/Vision_Barcelona__2015-06-12_BDD4549Audience-300x199.jpg 300w, https:\/\/d.th-nuernberg.de\/re\/wp-content\/uploads\/sites\/6\/2016\/01\/Vision_Barcelona__2015-06-12_BDD4549Audience-768x509.jpg 768w, https:\/\/d.th-nuernberg.de\/re\/wp-content\/uploads\/sites\/6\/2016\/01\/Vision_Barcelona__2015-06-12_BDD4549Audience-340x225.jpg 340w, https:\/\/d.th-nuernberg.de\/re\/wp-content\/uploads\/sites\/6\/2016\/01\/Vision_Barcelona__2015-06-12_BDD4549Audience-840x557.jpg 840w, https:\/\/d.th-nuernberg.de\/re\/wp-content\/uploads\/sites\/6\/2016\/01\/Vision_Barcelona__2015-06-12_BDD4549Audience-272x180.jpg 272w\" sizes=\"(max-width: 1020px) 100vw, 1020px\" \/><\/p>\n<div id=\"attachment_1097\" style=\"width: 1020px\" class=\"wp-caption alignnone\"><img loading=\"lazy\" decoding=\"async\" aria-describedby=\"caption-attachment-1097\" data-attachment-id=\"1097\" data-permalink=\"https:\/\/d.th-nuernberg.de\/re\/2016\/01\/15\/visual-merchandising-barcelona\/vision_barcelona__2015-06-12_bdd4945storecheck_mikunda\/\" data-orig-file=\"https:\/\/d.th-nuernberg.de\/re\/wp-content\/uploads\/sites\/6\/2016\/01\/Vision_Barcelona__2015-06-12_BDD4945StoreCheck_Mikunda.jpg\" data-orig-size=\"1020,676\" data-comments-opened=\"0\" data-image-meta=\"{&quot;aperture&quot;:&quot;0&quot;,&quot;credit&quot;:&quot;&quot;,&quot;camera&quot;:&quot;&quot;,&quot;caption&quot;:&quot;&quot;,&quot;created_timestamp&quot;:&quot;0&quot;,&quot;copyright&quot;:&quot;&quot;,&quot;focal_length&quot;:&quot;0&quot;,&quot;iso&quot;:&quot;0&quot;,&quot;shutter_speed&quot;:&quot;0&quot;,&quot;title&quot;:&quot;&quot;,&quot;orientation&quot;:&quot;0&quot;}\" data-image-title=\"Vision_Barcelona__2015-06-12_BDD4945StoreCheck_Mikunda\" data-image-description=\"\" data-image-caption=\"&lt;p&gt;Ladenrundgang mit Christian Mikunda&lt;\/p&gt;\n\" data-medium-file=\"https:\/\/d.th-nuernberg.de\/re\/wp-content\/uploads\/sites\/6\/2016\/01\/Vision_Barcelona__2015-06-12_BDD4945StoreCheck_Mikunda-300x199.jpg\" data-large-file=\"https:\/\/d.th-nuernberg.de\/re\/wp-content\/uploads\/sites\/6\/2016\/01\/Vision_Barcelona__2015-06-12_BDD4945StoreCheck_Mikunda.jpg\" class=\"size-full wp-image-1097\" src=\"https:\/\/d.th-nuernberg.de\/re\/wp-content\/uploads\/sites\/6\/2016\/01\/Vision_Barcelona__2015-06-12_BDD4945StoreCheck_Mikunda.jpg\" alt=\"Ladenrundgang mit Christian Mikunda\" width=\"1020\" height=\"676\" srcset=\"https:\/\/d.th-nuernberg.de\/re\/wp-content\/uploads\/sites\/6\/2016\/01\/Vision_Barcelona__2015-06-12_BDD4945StoreCheck_Mikunda.jpg 1020w, https:\/\/d.th-nuernberg.de\/re\/wp-content\/uploads\/sites\/6\/2016\/01\/Vision_Barcelona__2015-06-12_BDD4945StoreCheck_Mikunda-300x199.jpg 300w, https:\/\/d.th-nuernberg.de\/re\/wp-content\/uploads\/sites\/6\/2016\/01\/Vision_Barcelona__2015-06-12_BDD4945StoreCheck_Mikunda-768x509.jpg 768w, https:\/\/d.th-nuernberg.de\/re\/wp-content\/uploads\/sites\/6\/2016\/01\/Vision_Barcelona__2015-06-12_BDD4945StoreCheck_Mikunda-340x225.jpg 340w, https:\/\/d.th-nuernberg.de\/re\/wp-content\/uploads\/sites\/6\/2016\/01\/Vision_Barcelona__2015-06-12_BDD4945StoreCheck_Mikunda-840x557.jpg 840w, https:\/\/d.th-nuernberg.de\/re\/wp-content\/uploads\/sites\/6\/2016\/01\/Vision_Barcelona__2015-06-12_BDD4945StoreCheck_Mikunda-272x180.jpg 272w\" sizes=\"(max-width: 1020px) 100vw, 1020px\" \/><p id=\"caption-attachment-1097\" class=\"wp-caption-text\">Lernexpedition mit Christian Mikunda<\/p><\/div>\n<div id=\"attachment_1098\" style=\"width: 1020px\" class=\"wp-caption alignnone\"><img loading=\"lazy\" decoding=\"async\" aria-describedby=\"caption-attachment-1098\" data-attachment-id=\"1098\" data-permalink=\"https:\/\/d.th-nuernberg.de\/re\/2016\/01\/15\/visual-merchandising-barcelona\/vision_barcelona__2015-06-12_bdd5275katamaran\/\" data-orig-file=\"https:\/\/d.th-nuernberg.de\/re\/wp-content\/uploads\/sites\/6\/2016\/01\/Vision_Barcelona__2015-06-12_BDD5275Katamaran.jpg\" data-orig-size=\"1020,676\" data-comments-opened=\"0\" data-image-meta=\"{&quot;aperture&quot;:&quot;0&quot;,&quot;credit&quot;:&quot;&quot;,&quot;camera&quot;:&quot;&quot;,&quot;caption&quot;:&quot;&quot;,&quot;created_timestamp&quot;:&quot;0&quot;,&quot;copyright&quot;:&quot;&quot;,&quot;focal_length&quot;:&quot;0&quot;,&quot;iso&quot;:&quot;0&quot;,&quot;shutter_speed&quot;:&quot;0&quot;,&quot;title&quot;:&quot;&quot;,&quot;orientation&quot;:&quot;0&quot;}\" data-image-title=\"Vision_Barcelona__2015-06-12_BDD5275Katamaran\" data-image-description=\"\" data-image-caption=\"&lt;p&gt;Markus Xylander und Christine Albert beim Abschlu\u00df der Tagung, einer Katameranfahrt&lt;\/p&gt;\n\" data-medium-file=\"https:\/\/d.th-nuernberg.de\/re\/wp-content\/uploads\/sites\/6\/2016\/01\/Vision_Barcelona__2015-06-12_BDD5275Katamaran-300x199.jpg\" data-large-file=\"https:\/\/d.th-nuernberg.de\/re\/wp-content\/uploads\/sites\/6\/2016\/01\/Vision_Barcelona__2015-06-12_BDD5275Katamaran.jpg\" class=\"size-full wp-image-1098\" src=\"https:\/\/d.th-nuernberg.de\/re\/wp-content\/uploads\/sites\/6\/2016\/01\/Vision_Barcelona__2015-06-12_BDD5275Katamaran.jpg\" alt=\"Markus Xylander und Christine Albert beim Abschlu\u00df der Tagung, einer Katameranfahrt\" width=\"1020\" height=\"676\" srcset=\"https:\/\/d.th-nuernberg.de\/re\/wp-content\/uploads\/sites\/6\/2016\/01\/Vision_Barcelona__2015-06-12_BDD5275Katamaran.jpg 1020w, https:\/\/d.th-nuernberg.de\/re\/wp-content\/uploads\/sites\/6\/2016\/01\/Vision_Barcelona__2015-06-12_BDD5275Katamaran-300x199.jpg 300w, https:\/\/d.th-nuernberg.de\/re\/wp-content\/uploads\/sites\/6\/2016\/01\/Vision_Barcelona__2015-06-12_BDD5275Katamaran-768x509.jpg 768w, https:\/\/d.th-nuernberg.de\/re\/wp-content\/uploads\/sites\/6\/2016\/01\/Vision_Barcelona__2015-06-12_BDD5275Katamaran-340x225.jpg 340w, https:\/\/d.th-nuernberg.de\/re\/wp-content\/uploads\/sites\/6\/2016\/01\/Vision_Barcelona__2015-06-12_BDD5275Katamaran-840x557.jpg 840w, https:\/\/d.th-nuernberg.de\/re\/wp-content\/uploads\/sites\/6\/2016\/01\/Vision_Barcelona__2015-06-12_BDD5275Katamaran-272x180.jpg 272w\" sizes=\"(max-width: 1020px) 100vw, 1020px\" \/><p id=\"caption-attachment-1098\" class=\"wp-caption-text\">Markus Xylander und Christine Albert beim Abschlu\u00df der Tagung, einer Katamaranfahrt.<\/p><\/div>\n<p><img loading=\"lazy\" decoding=\"async\" data-attachment-id=\"1099\" data-permalink=\"https:\/\/d.th-nuernberg.de\/re\/2016\/01\/15\/visual-merchandising-barcelona\/vision_barcelona__2015-06-10_bdd4226impression_etc\/\" data-orig-file=\"https:\/\/d.th-nuernberg.de\/re\/wp-content\/uploads\/sites\/6\/2016\/01\/Vision_Barcelona__2015-06-10_BDD4226Impression_etc.jpg\" data-orig-size=\"1020,676\" data-comments-opened=\"0\" data-image-meta=\"{&quot;aperture&quot;:&quot;0&quot;,&quot;credit&quot;:&quot;&quot;,&quot;camera&quot;:&quot;&quot;,&quot;caption&quot;:&quot;&quot;,&quot;created_timestamp&quot;:&quot;0&quot;,&quot;copyright&quot;:&quot;&quot;,&quot;focal_length&quot;:&quot;0&quot;,&quot;iso&quot;:&quot;0&quot;,&quot;shutter_speed&quot;:&quot;0&quot;,&quot;title&quot;:&quot;&quot;,&quot;orientation&quot;:&quot;0&quot;}\" data-image-title=\"Vision_Barcelona__2015-06-10_BDD4226Impression_etc\" data-image-description=\"\" data-image-caption=\"\" data-medium-file=\"https:\/\/d.th-nuernberg.de\/re\/wp-content\/uploads\/sites\/6\/2016\/01\/Vision_Barcelona__2015-06-10_BDD4226Impression_etc-300x199.jpg\" data-large-file=\"https:\/\/d.th-nuernberg.de\/re\/wp-content\/uploads\/sites\/6\/2016\/01\/Vision_Barcelona__2015-06-10_BDD4226Impression_etc.jpg\" class=\"alignnone size-full wp-image-1099\" src=\"https:\/\/d.th-nuernberg.de\/re\/wp-content\/uploads\/sites\/6\/2016\/01\/Vision_Barcelona__2015-06-10_BDD4226Impression_etc.jpg\" alt=\"Vision_Barcelona__2015-06-10_BDD4226Impression_etc\" width=\"1020\" height=\"676\" srcset=\"https:\/\/d.th-nuernberg.de\/re\/wp-content\/uploads\/sites\/6\/2016\/01\/Vision_Barcelona__2015-06-10_BDD4226Impression_etc.jpg 1020w, https:\/\/d.th-nuernberg.de\/re\/wp-content\/uploads\/sites\/6\/2016\/01\/Vision_Barcelona__2015-06-10_BDD4226Impression_etc-300x199.jpg 300w, https:\/\/d.th-nuernberg.de\/re\/wp-content\/uploads\/sites\/6\/2016\/01\/Vision_Barcelona__2015-06-10_BDD4226Impression_etc-768x509.jpg 768w, https:\/\/d.th-nuernberg.de\/re\/wp-content\/uploads\/sites\/6\/2016\/01\/Vision_Barcelona__2015-06-10_BDD4226Impression_etc-340x225.jpg 340w, https:\/\/d.th-nuernberg.de\/re\/wp-content\/uploads\/sites\/6\/2016\/01\/Vision_Barcelona__2015-06-10_BDD4226Impression_etc-840x557.jpg 840w, https:\/\/d.th-nuernberg.de\/re\/wp-content\/uploads\/sites\/6\/2016\/01\/Vision_Barcelona__2015-06-10_BDD4226Impression_etc-272x180.jpg 272w\" sizes=\"(max-width: 1020px) 100vw, 1020px\" \/><\/p>\n<p>Prof. Christine Albert bei der \u201eVision 2015\u201c\u00a0 10. \u2013 12. Juni<\/p>\n<p><a href=\"http:\/\/www.barthelmess.com\/unternehmen\/vision\/\" target=\"_blank\" rel=\"noopener\">alle Fotos: Copyright Barthemess Group<\/a><\/p>\n","protected":false},"excerpt":{"rendered":"<p>Barcelona ist ohnehin ein Reise wert. Doch besonders zu den Themen \u201eGestaltung von L\u00e4den\u201f und aussergew\u00f6hnliche Warenpr\u00e4sentation, ist die Katalanische Hauptstadt am Puls der Zeit.\u00a0<\/p>\n","protected":false},"author":5,"featured_media":1099,"comment_status":"closed","ping_status":"closed","sticky":false,"template":"","format":"standard","meta":{"jetpack_post_was_ever_published":false,"_jetpack_newsletter_access":"","_jetpack_dont_email_post_to_subs":false,"_jetpack_newsletter_tier_id":0,"_jetpack_memberships_contains_paywalled_content":false,"_jetpack_memberships_contains_paid_content":false,"footnotes":"","jetpack_publicize_message":"","jetpack_publicize_feature_enabled":true,"jetpack_social_post_already_shared":true,"jetpack_social_options":{"image_generator_settings":{"template":"highway","default_image_id":0,"font":"","enabled":false},"version":2}},"categories":[1],"tags":[46],"class_list":["post-1054","post","type-post","status-publish","format-standard","has-post-thumbnail","hentry","category-allgemein","tag-international"],"jetpack_publicize_connections":[],"jetpack_featured_media_url":"https:\/\/d.th-nuernberg.de\/re\/wp-content\/uploads\/sites\/6\/2016\/01\/Vision_Barcelona__2015-06-10_BDD4226Impression_etc.jpg","jetpack_sharing_enabled":true,"jetpack_shortlink":"https:\/\/wp.me\/p5qdQ3-h0","_links":{"self":[{"href":"https:\/\/d.th-nuernberg.de\/re\/wp-json\/wp\/v2\/posts\/1054","targetHints":{"allow":["GET"]}}],"collection":[{"href":"https:\/\/d.th-nuernberg.de\/re\/wp-json\/wp\/v2\/posts"}],"about":[{"href":"https:\/\/d.th-nuernberg.de\/re\/wp-json\/wp\/v2\/types\/post"}],"author":[{"embeddable":true,"href":"https:\/\/d.th-nuernberg.de\/re\/wp-json\/wp\/v2\/users\/5"}],"replies":[{"embeddable":true,"href":"https:\/\/d.th-nuernberg.de\/re\/wp-json\/wp\/v2\/comments?post=1054"}],"version-history":[{"count":18,"href":"https:\/\/d.th-nuernberg.de\/re\/wp-json\/wp\/v2\/posts\/1054\/revisions"}],"predecessor-version":[{"id":1544,"href":"https:\/\/d.th-nuernberg.de\/re\/wp-json\/wp\/v2\/posts\/1054\/revisions\/1544"}],"wp:featuredmedia":[{"embeddable":true,"href":"https:\/\/d.th-nuernberg.de\/re\/wp-json\/wp\/v2\/media\/1099"}],"wp:attachment":[{"href":"https:\/\/d.th-nuernberg.de\/re\/wp-json\/wp\/v2\/media?parent=1054"}],"wp:term":[{"taxonomy":"category","embeddable":true,"href":"https:\/\/d.th-nuernberg.de\/re\/wp-json\/wp\/v2\/categories?post=1054"},{"taxonomy":"post_tag","embeddable":true,"href":"https:\/\/d.th-nuernberg.de\/re\/wp-json\/wp\/v2\/tags?post=1054"}],"curies":[{"name":"wp","href":"https:\/\/api.w.org\/{rel}","templated":true}]}}