{"id":978,"date":"2019-07-01T21:01:23","date_gmt":"2019-07-01T21:01:23","guid":{"rendered":"https:\/\/d.th-nuernberg.de\/il\/?p=978"},"modified":"2019-12-02T15:48:25","modified_gmt":"2019-12-02T15:48:25","slug":"yuko-shimizu-an-der-fakultaet-design","status":"publish","type":"post","link":"https:\/\/d.th-nuernberg.de\/il\/2019\/07\/01\/yuko-shimizu-an-der-fakultaet-design\/","title":{"rendered":"Yuko Shimizu an der Fakult\u00e4t Design"},"content":{"rendered":"\n<figure class=\"wp-block-image\"><img fetchpriority=\"high\" decoding=\"async\" width=\"960\" height=\"671\" src=\"https:\/\/d.th-nuernberg.de\/il\/wp-content\/uploads\/sites\/8\/2019\/11\/yuko_shimizu.jpg\" alt=\"\" class=\"wp-image-979\" srcset=\"https:\/\/d.th-nuernberg.de\/il\/wp-content\/uploads\/sites\/8\/2019\/11\/yuko_shimizu.jpg 960w, https:\/\/d.th-nuernberg.de\/il\/wp-content\/uploads\/sites\/8\/2019\/11\/yuko_shimizu-300x210.jpg 300w, https:\/\/d.th-nuernberg.de\/il\/wp-content\/uploads\/sites\/8\/2019\/11\/yuko_shimizu-768x537.jpg 768w, https:\/\/d.th-nuernberg.de\/il\/wp-content\/uploads\/sites\/8\/2019\/11\/yuko_shimizu-800x559.jpg 800w, https:\/\/d.th-nuernberg.de\/il\/wp-content\/uploads\/sites\/8\/2019\/11\/yuko_shimizu-258x180.jpg 258w\" sizes=\"(max-width: 960px) 100vw, 960px\" \/><\/figure>\n\n\n\n<p>Im Rahmen der Projektwoche der Fakult\u00e4t Design im Sommersemester 2019, hat die in New York lebende japanische Illustratorin Yuko Shimizu einen f\u00fcnft\u00e4gigen Workshop mit dem Schwerpunkt Editorial Illustration gehalten. Die Illustratoren haben geschwitzt und hart gearbeitet. Was f\u00fcr eine inspirierende Woche!<\/p>\n\n\n\n<p>Hier geht es zu einem ausf\u00fchrlichen <a rel=\"noreferrer noopener\" aria-label=\"Interview  (opens in a new tab)\" href=\"https:\/\/d.th-nuernberg.de\/blog\/2019\/07\/yuko-shimizu\/\" target=\"_blank\">Interview <\/a>mit Yuko.<\/p>\n\n\n\n<div class=\"wp-block-jetpack-tiled-gallery aligncenter is-style-square\"><div class=\"tiled-gallery__gallery\"><div class=\"tiled-gallery__row columns-1\"><div class=\"tiled-gallery__col\"><figure class=\"tiled-gallery__item\"><img decoding=\"async\" srcset=\"https:\/\/i2.wp.com\/d.th-nuernberg.de\/il\/wp-content\/uploads\/sites\/8\/2019\/12\/20190603_121417.jpg?resize=600,600&#038;strip=info 600w,https:\/\/i2.wp.com\/d.th-nuernberg.de\/il\/wp-content\/uploads\/sites\/8\/2019\/12\/20190603_121417.jpg?resize=900,900&#038;strip=info 900w,https:\/\/i2.wp.com\/d.th-nuernberg.de\/il\/wp-content\/uploads\/sites\/8\/2019\/12\/20190603_121417.jpg?resize=1200,1200&#038;strip=info 1200w,https:\/\/i2.wp.com\/d.th-nuernberg.de\/il\/wp-content\/uploads\/sites\/8\/2019\/12\/20190603_121417.jpg?resize=1500,1500&#038;strip=info 1500w,https:\/\/i2.wp.com\/d.th-nuernberg.de\/il\/wp-content\/uploads\/sites\/8\/2019\/12\/20190603_121417.jpg?resize=1800,1800&#038;strip=info 1800w,https:\/\/i2.wp.com\/d.th-nuernberg.de\/il\/wp-content\/uploads\/sites\/8\/2019\/12\/20190603_121417.jpg?resize=2000,2000&#038;strip=info 2000w\" alt=\"\" data-height=\"3024\" data-id=\"1024\" data-link=\"https:\/\/d.th-nuernberg.de\/il\/?attachment_id=1024\" data-url=\"https:\/\/d.th-nuernberg.de\/il\/wp-content\/uploads\/sites\/8\/2019\/12\/20190603_121417.jpg\" data-width=\"4032\" src=\"https:\/\/i2.wp.com\/d.th-nuernberg.de\/il\/wp-content\/uploads\/sites\/8\/2019\/12\/20190603_121417.jpg?resize=2000%2C2000\" \/><\/figure><\/div><\/div><div class=\"tiled-gallery__row columns-2\"><div class=\"tiled-gallery__col\"><figure class=\"tiled-gallery__item\"><img decoding=\"async\" srcset=\"https:\/\/i0.wp.com\/d.th-nuernberg.de\/il\/wp-content\/uploads\/sites\/8\/2019\/12\/20190603_152650.jpg?resize=600,600&#038;strip=info 600w,https:\/\/i0.wp.com\/d.th-nuernberg.de\/il\/wp-content\/uploads\/sites\/8\/2019\/12\/20190603_152650.jpg?resize=900,900&#038;strip=info 900w,https:\/\/i0.wp.com\/d.th-nuernberg.de\/il\/wp-content\/uploads\/sites\/8\/2019\/12\/20190603_152650.jpg?resize=1200,1200&#038;strip=info 1200w,https:\/\/i0.wp.com\/d.th-nuernberg.de\/il\/wp-content\/uploads\/sites\/8\/2019\/12\/20190603_152650.jpg?resize=1500,1500&#038;strip=info 1500w,https:\/\/i0.wp.com\/d.th-nuernberg.de\/il\/wp-content\/uploads\/sites\/8\/2019\/12\/20190603_152650.jpg?resize=1800,1800&#038;strip=info 1800w,https:\/\/i0.wp.com\/d.th-nuernberg.de\/il\/wp-content\/uploads\/sites\/8\/2019\/12\/20190603_152650.jpg?resize=2000,2000&#038;strip=info 2000w\" alt=\"\" data-height=\"3024\" data-id=\"1025\" data-link=\"https:\/\/d.th-nuernberg.de\/il\/?attachment_id=1025\" data-url=\"https:\/\/d.th-nuernberg.de\/il\/wp-content\/uploads\/sites\/8\/2019\/12\/20190603_152650.jpg\" data-width=\"4032\" src=\"https:\/\/i0.wp.com\/d.th-nuernberg.de\/il\/wp-content\/uploads\/sites\/8\/2019\/12\/20190603_152650.jpg?resize=2000%2C2000\" \/><\/figure><\/div><div class=\"tiled-gallery__col\"><figure class=\"tiled-gallery__item\"><img decoding=\"async\" srcset=\"https:\/\/i1.wp.com\/d.th-nuernberg.de\/il\/wp-content\/uploads\/sites\/8\/2019\/12\/DSC03224.jpg?resize=600,600&#038;strip=info 600w,https:\/\/i1.wp.com\/d.th-nuernberg.de\/il\/wp-content\/uploads\/sites\/8\/2019\/12\/DSC03224.jpg?resize=900,900&#038;strip=info 900w,https:\/\/i1.wp.com\/d.th-nuernberg.de\/il\/wp-content\/uploads\/sites\/8\/2019\/12\/DSC03224.jpg?resize=1200,1200&#038;strip=info 1200w,https:\/\/i1.wp.com\/d.th-nuernberg.de\/il\/wp-content\/uploads\/sites\/8\/2019\/12\/DSC03224.jpg?resize=1500,1500&#038;strip=info 1500w,https:\/\/i1.wp.com\/d.th-nuernberg.de\/il\/wp-content\/uploads\/sites\/8\/2019\/12\/DSC03224.jpg?resize=1800,1800&#038;strip=info 1800w,https:\/\/i1.wp.com\/d.th-nuernberg.de\/il\/wp-content\/uploads\/sites\/8\/2019\/12\/DSC03224.jpg?resize=2000,2000&#038;strip=info 2000w\" alt=\"\" data-height=\"3648\" data-id=\"1027\" data-link=\"https:\/\/d.th-nuernberg.de\/il\/?attachment_id=1027\" data-url=\"https:\/\/d.th-nuernberg.de\/il\/wp-content\/uploads\/sites\/8\/2019\/12\/DSC03224.jpg\" data-width=\"4864\" src=\"https:\/\/i1.wp.com\/d.th-nuernberg.de\/il\/wp-content\/uploads\/sites\/8\/2019\/12\/DSC03224.jpg?resize=2000%2C2000\" \/><\/figure><\/div><\/div><div class=\"tiled-gallery__row columns-2\"><div class=\"tiled-gallery__col\"><figure class=\"tiled-gallery__item\"><img decoding=\"async\" srcset=\"https:\/\/i1.wp.com\/d.th-nuernberg.de\/il\/wp-content\/uploads\/sites\/8\/2019\/12\/DSC03238.jpg?resize=600,600&#038;strip=info 600w,https:\/\/i1.wp.com\/d.th-nuernberg.de\/il\/wp-content\/uploads\/sites\/8\/2019\/12\/DSC03238.jpg?resize=900,900&#038;strip=info 900w,https:\/\/i1.wp.com\/d.th-nuernberg.de\/il\/wp-content\/uploads\/sites\/8\/2019\/12\/DSC03238.jpg?resize=1200,1200&#038;strip=info 1200w,https:\/\/i1.wp.com\/d.th-nuernberg.de\/il\/wp-content\/uploads\/sites\/8\/2019\/12\/DSC03238.jpg?resize=1500,1500&#038;strip=info 1500w,https:\/\/i1.wp.com\/d.th-nuernberg.de\/il\/wp-content\/uploads\/sites\/8\/2019\/12\/DSC03238.jpg?resize=1800,1800&#038;strip=info 1800w,https:\/\/i1.wp.com\/d.th-nuernberg.de\/il\/wp-content\/uploads\/sites\/8\/2019\/12\/DSC03238.jpg?resize=2000,2000&#038;strip=info 2000w\" alt=\"\" data-height=\"3648\" data-id=\"1029\" data-link=\"https:\/\/d.th-nuernberg.de\/il\/?attachment_id=1029\" data-url=\"https:\/\/d.th-nuernberg.de\/il\/wp-content\/uploads\/sites\/8\/2019\/12\/DSC03238.jpg\" data-width=\"4864\" src=\"https:\/\/i1.wp.com\/d.th-nuernberg.de\/il\/wp-content\/uploads\/sites\/8\/2019\/12\/DSC03238.jpg?resize=2000%2C2000\" \/><\/figure><\/div><div class=\"tiled-gallery__col\"><figure class=\"tiled-gallery__item\"><img decoding=\"async\" srcset=\"https:\/\/i1.wp.com\/d.th-nuernberg.de\/il\/wp-content\/uploads\/sites\/8\/2019\/12\/DSC03285_kl.jpg?resize=600,600&#038;strip=info 600w,https:\/\/i1.wp.com\/d.th-nuernberg.de\/il\/wp-content\/uploads\/sites\/8\/2019\/12\/DSC03285_kl.jpg?resize=900,900&#038;strip=info 900w,https:\/\/i1.wp.com\/d.th-nuernberg.de\/il\/wp-content\/uploads\/sites\/8\/2019\/12\/DSC03285_kl.jpg?resize=1200,1200&#038;strip=info 1200w,https:\/\/i1.wp.com\/d.th-nuernberg.de\/il\/wp-content\/uploads\/sites\/8\/2019\/12\/DSC03285_kl.jpg?resize=1500,1500&#038;strip=info 1500w,https:\/\/i1.wp.com\/d.th-nuernberg.de\/il\/wp-content\/uploads\/sites\/8\/2019\/12\/DSC03285_kl.jpg?resize=1800,1800&#038;strip=info 1800w,https:\/\/i1.wp.com\/d.th-nuernberg.de\/il\/wp-content\/uploads\/sites\/8\/2019\/12\/DSC03285_kl.jpg?resize=2000,2000&#038;strip=info 2000w\" alt=\"\" data-height=\"2663\" data-id=\"1030\" data-link=\"https:\/\/d.th-nuernberg.de\/il\/?attachment_id=1030\" data-url=\"https:\/\/d.th-nuernberg.de\/il\/wp-content\/uploads\/sites\/8\/2019\/12\/DSC03285_kl.jpg\" data-width=\"3971\" src=\"https:\/\/i1.wp.com\/d.th-nuernberg.de\/il\/wp-content\/uploads\/sites\/8\/2019\/12\/DSC03285_kl.jpg?resize=2000%2C2000\" \/><\/figure><\/div><\/div><\/div><\/div>\n","protected":false},"excerpt":{"rendered":"<p>Im Rahmen der Projektwoche der Fakult\u00e4t Design im Sommersemester 2019, hat die in New York lebende japanische Illustratorin Yuko Shimizu einen f\u00fcnft\u00e4gigen Workshop mit dem Schwerpunkt Editorial Illustration gehalten. Die Illustratoren haben geschwitzt und hart gearbeitet. Was f\u00fcr eine inspirierende Woche! Hier geht es zu einem ausf\u00fchrlichen Interview mit Yuko.<\/p>\n","protected":false},"author":7,"featured_media":0,"comment_status":"closed","ping_status":"closed","sticky":false,"template":"","format":"standard","meta":{"jetpack_post_was_ever_published":false,"_jetpack_newsletter_access":"","_jetpack_dont_email_post_to_subs":false,"_jetpack_newsletter_tier_id":0,"_jetpack_memberships_contains_paywalled_content":false,"_jetpack_memberships_contains_paid_content":false,"footnotes":"","jetpack_publicize_message":"","jetpack_publicize_feature_enabled":true,"jetpack_social_post_already_shared":true,"jetpack_social_options":{"image_generator_settings":{"template":"highway","default_image_id":0,"font":"","enabled":false},"version":2}},"categories":[1],"tags":[],"class_list":["post-978","post","type-post","status-publish","format-standard","hentry","category-allgemein"],"jetpack_publicize_connections":[],"jetpack_featured_media_url":"","jetpack_sharing_enabled":true,"jetpack_shortlink":"https:\/\/wp.me\/p5LxyH-fM","_links":{"self":[{"href":"https:\/\/d.th-nuernberg.de\/il\/wp-json\/wp\/v2\/posts\/978","targetHints":{"allow":["GET"]}}],"collection":[{"href":"https:\/\/d.th-nuernberg.de\/il\/wp-json\/wp\/v2\/posts"}],"about":[{"href":"https:\/\/d.th-nuernberg.de\/il\/wp-json\/wp\/v2\/types\/post"}],"author":[{"embeddable":true,"href":"https:\/\/d.th-nuernberg.de\/il\/wp-json\/wp\/v2\/users\/7"}],"replies":[{"embeddable":true,"href":"https:\/\/d.th-nuernberg.de\/il\/wp-json\/wp\/v2\/comments?post=978"}],"version-history":[{"count":3,"href":"https:\/\/d.th-nuernberg.de\/il\/wp-json\/wp\/v2\/posts\/978\/revisions"}],"predecessor-version":[{"id":1031,"href":"https:\/\/d.th-nuernberg.de\/il\/wp-json\/wp\/v2\/posts\/978\/revisions\/1031"}],"wp:attachment":[{"href":"https:\/\/d.th-nuernberg.de\/il\/wp-json\/wp\/v2\/media?parent=978"}],"wp:term":[{"taxonomy":"category","embeddable":true,"href":"https:\/\/d.th-nuernberg.de\/il\/wp-json\/wp\/v2\/categories?post=978"},{"taxonomy":"post_tag","embeddable":true,"href":"https:\/\/d.th-nuernberg.de\/il\/wp-json\/wp\/v2\/tags?post=978"}],"curies":[{"name":"wp","href":"https:\/\/api.w.org\/{rel}","templated":true}]}}