{"id":1868,"date":"2024-01-25T18:27:51","date_gmt":"2024-01-25T17:27:51","guid":{"rendered":"https:\/\/d.th-nuernberg.de\/auchgut\/?p=1868"},"modified":"2025-01-16T11:24:53","modified_gmt":"2025-01-16T10:24:53","slug":"auch-gut_-6-fiktion","status":"publish","type":"post","link":"https:\/\/d.th-nuernberg.de\/auchgut\/auch-gut_-6-fiktion\/","title":{"rendered":"auch gut_ 06 Fiktion"},"content":{"rendered":"\t\t<div data-elementor-type=\"wp-post\" data-elementor-id=\"1868\" class=\"elementor elementor-1868\">\n\t\t\t\t\t\t<section class=\"elementor-section elementor-top-section elementor-element elementor-element-72ae4dd elementor-section-boxed elementor-section-height-default elementor-section-height-default\" data-id=\"72ae4dd\" data-element_type=\"section\">\n\t\t\t\t\t\t<div class=\"elementor-container elementor-column-gap-default\">\n\t\t\t\t\t<div class=\"elementor-column elementor-col-100 elementor-top-column elementor-element elementor-element-2fad58a\" data-id=\"2fad58a\" data-element_type=\"column\">\n\t\t\t<div class=\"elementor-widget-wrap elementor-element-populated\">\n\t\t\t\t\t\t<div class=\"elementor-element elementor-element-dca0d3f elementor-widget elementor-widget-image\" data-id=\"dca0d3f\" data-element_type=\"widget\" data-widget_type=\"image.default\">\n\t\t\t\t<div class=\"elementor-widget-container\">\n\t\t\t\t\t\t\t\t\t\t\t\t\t\t\t<img fetchpriority=\"high\" decoding=\"async\" width=\"840\" height=\"560\" src=\"https:\/\/d.th-nuernberg.de\/auchgut\/wp-content\/uploads\/sites\/21\/2024\/01\/auchgut_repro-45-s-1024x683.jpg\" class=\"attachment-large size-large wp-image-1929\" alt=\"\" srcset=\"https:\/\/d.th-nuernberg.de\/auchgut\/wp-content\/uploads\/sites\/21\/2024\/01\/auchgut_repro-45-s-1024x683.jpg 1024w, https:\/\/d.th-nuernberg.de\/auchgut\/wp-content\/uploads\/sites\/21\/2024\/01\/auchgut_repro-45-s-300x200.jpg 300w, https:\/\/d.th-nuernberg.de\/auchgut\/wp-content\/uploads\/sites\/21\/2024\/01\/auchgut_repro-45-s-768x512.jpg 768w, https:\/\/d.th-nuernberg.de\/auchgut\/wp-content\/uploads\/sites\/21\/2024\/01\/auchgut_repro-45-s-800x533.jpg 800w, https:\/\/d.th-nuernberg.de\/auchgut\/wp-content\/uploads\/sites\/21\/2024\/01\/auchgut_repro-45-s-270x180.jpg 270w, https:\/\/d.th-nuernberg.de\/auchgut\/wp-content\/uploads\/sites\/21\/2024\/01\/auchgut_repro-45-s.jpg 1500w\" sizes=\"(max-width: 840px) 100vw, 840px\" \/>\t\t\t\t\t\t\t\t\t\t\t\t\t\t\t<\/div>\n\t\t\t\t<\/div>\n\t\t\t\t\t<\/div>\n\t\t<\/div>\n\t\t\t\t\t<\/div>\n\t\t<\/section>\n\t\t\t\t<section class=\"elementor-section elementor-top-section elementor-element elementor-element-a8113b1 elementor-section-boxed elementor-section-height-default elementor-section-height-default\" data-id=\"a8113b1\" data-element_type=\"section\">\n\t\t\t\t\t\t<div class=\"elementor-container elementor-column-gap-default\">\n\t\t\t\t\t<div class=\"elementor-column elementor-col-100 elementor-top-column elementor-element elementor-element-cef9438\" data-id=\"cef9438\" data-element_type=\"column\">\n\t\t\t<div class=\"elementor-widget-wrap elementor-element-populated\">\n\t\t\t\t\t\t<div class=\"elementor-element elementor-element-55a1149 elementor-widget__width-initial elementor-widget elementor-widget-text-editor\" data-id=\"55a1149\" data-element_type=\"widget\" data-widget_type=\"text-editor.default\">\n\t\t\t\t<div class=\"elementor-widget-container\">\n\t\t\t\t\t\t\t\t\t<h3>Fiktion<\/h3><p><strong>auch gut_ Design und Denken<\/strong><br \/><strong>Ausgabe 06<\/strong><\/p><p>Eine neues auch gut_\u00a0und damit auf ein Neues. Wieder ein Heft lang Zeit, sich mit Design und Denken zu besch\u00e4ftigen:\u00a0Diesmal denken wir an Fiktion. \u2013 Daran, was Gestaltung mit Fakten und Fiktionen verbindet und was das mit Medien zu tun hat.<\/p><p>Unser Heft \u2013 voll mit Hirnfutter, Assoziationen, Ans\u00e4tzen und Deutungen \u2013 baut Welten, auch \u00fcberm Bodenlosen. Denn es k\u00fcmmert sich darum, herauszufinden, was Fiktionen \u00fcberhaupt sind. Was wir mit ihnen und was sie mit uns anstellen.\u00a0So beschreibt dieses Magazin die Vorteile des Ausgedachten und Imaginierten f\u00fcr Alltag und Gestaltung. Es zeigt seine Power. Aber auch seine Grenzen. Und sieht notwendigerweise kritisch darauf.<\/p><p>Denn Design und Medien k\u00f6nnen zwar auf Fakten basieren, aber eben auch Fakten schaffen. Fake News und Deep Fake lassen gr\u00fc\u00dfen. Denn leider lassen sich auch \u201efeelpinions and anecdata\u201c, selbst Verschw\u00f6rungserz\u00e4hlungen und Hate Speech so designen, als ob sie glaubw\u00fcrdig w\u00e4ren.\u00a0Wenn man sich erst einmal an einer Idee gesto\u00dfen hat, wie real ist sie dann?<\/p>\t\t\t\t\t\t\t\t<\/div>\n\t\t\t\t<\/div>\n\t\t\t\t\t<\/div>\n\t\t<\/div>\n\t\t\t\t\t<\/div>\n\t\t<\/section>\n\t\t\t\t<section class=\"elementor-section elementor-top-section elementor-element elementor-element-8a745ee elementor-section-boxed elementor-section-height-default elementor-section-height-default\" data-id=\"8a745ee\" data-element_type=\"section\">\n\t\t\t\t\t\t<div class=\"elementor-container elementor-column-gap-default\">\n\t\t\t\t\t<div class=\"elementor-column elementor-col-100 elementor-top-column elementor-element elementor-element-c8169b8\" data-id=\"c8169b8\" data-element_type=\"column\">\n\t\t\t<div class=\"elementor-widget-wrap elementor-element-populated\">\n\t\t\t\t\t\t<div class=\"elementor-element elementor-element-318a641 elementor-widget elementor-widget-read-more\" data-id=\"318a641\" data-element_type=\"widget\" data-widget_type=\"read-more.default\">\n\t\t\t\t<div class=\"elementor-widget-container\">\n\t\t\t\t\t<\/div><\/div><\/div><\/div><\/div><\/section><\/div><div class=\"more-link-wrapper\"> <a href=\"https:\/\/d.th-nuernberg.de\/auchgut\/auch-gut_-6-fiktion\/#more-1868\" class=\"more-link elementor-more-link\"><span aria-label=\"auch gut_ 06 Fiktion weiterlesen\">Weiterlesen<\/span><\/a><\/div>","protected":false},"excerpt":{"rendered":"<p>Fiktion auch gut_ Design und DenkenAusgabe 06 Eine neues auch gut_\u00a0und damit auf ein Neues. Wieder ein Heft lang Zeit, sich mit Design und Denken zu besch\u00e4ftigen:\u00a0Diesmal denken wir an Fiktion. \u2013 Daran, was Gestaltung mit Fakten und Fiktionen verbindet und was das mit Medien zu tun hat. Unser Heft \u2013 voll mit Hirnfutter, Assoziationen,&hellip;<\/p>\n","protected":false},"author":1,"featured_media":0,"comment_status":"closed","ping_status":"closed","sticky":false,"template":"","format":"standard","meta":{"footnotes":""},"categories":[1],"tags":[],"class_list":["post-1868","post","type-post","status-publish","format-standard","hentry","category-allgemein"],"jetpack_featured_media_url":"","_links":{"self":[{"href":"https:\/\/d.th-nuernberg.de\/auchgut\/wp-json\/wp\/v2\/posts\/1868","targetHints":{"allow":["GET"]}}],"collection":[{"href":"https:\/\/d.th-nuernberg.de\/auchgut\/wp-json\/wp\/v2\/posts"}],"about":[{"href":"https:\/\/d.th-nuernberg.de\/auchgut\/wp-json\/wp\/v2\/types\/post"}],"author":[{"embeddable":true,"href":"https:\/\/d.th-nuernberg.de\/auchgut\/wp-json\/wp\/v2\/users\/1"}],"replies":[{"embeddable":true,"href":"https:\/\/d.th-nuernberg.de\/auchgut\/wp-json\/wp\/v2\/comments?post=1868"}],"version-history":[{"count":48,"href":"https:\/\/d.th-nuernberg.de\/auchgut\/wp-json\/wp\/v2\/posts\/1868\/revisions"}],"predecessor-version":[{"id":1948,"href":"https:\/\/d.th-nuernberg.de\/auchgut\/wp-json\/wp\/v2\/posts\/1868\/revisions\/1948"}],"wp:attachment":[{"href":"https:\/\/d.th-nuernberg.de\/auchgut\/wp-json\/wp\/v2\/media?parent=1868"}],"wp:term":[{"taxonomy":"category","embeddable":true,"href":"https:\/\/d.th-nuernberg.de\/auchgut\/wp-json\/wp\/v2\/categories?post=1868"},{"taxonomy":"post_tag","embeddable":true,"href":"https:\/\/d.th-nuernberg.de\/auchgut\/wp-json\/wp\/v2\/tags?post=1868"}],"curies":[{"name":"wp","href":"https:\/\/api.w.org\/{rel}","templated":true}]}}